{"id":1206,"date":"2024-10-23T18:58:01","date_gmt":"2024-10-23T18:58:01","guid":{"rendered":"https:\/\/piwgrojec.pl\/?p=1206"},"modified":"2024-10-23T18:59:17","modified_gmt":"2024-10-23T18:59:17","slug":"apel-do-hodowcow-bydla-owiec-i-koz-biorac-pod-uwage-sytuacje-epizootyczna-w-odniesieniu-do-choroby-niebieskiego-jezyka-w-europie","status":"publish","type":"post","link":"https:\/\/piwgrojec.pl\/?p=1206","title":{"rendered":"Apel do hodowc\u00f3w byd\u0142a, owiec i k\u00f3z, bior\u0105c pod uwag\u0119 sytuacj\u0119         epizootyczn\u0105 w odniesieniu do choroby niebieskiego j\u0119zyka w Europie"},"content":{"rendered":"\n<p>Materia\u0142y informacyjne pod linkiem:<\/p>\n\n\n\n<p><a href=\"https:\/\/www.wetgiw.gov.pl\/nadzor-weterynaryjny\/o-chorobie-niebieskiego-jezyka\">https:\/\/www.wetgiw.gov.pl\/nadzor-weterynaryjny\/o-chorobie-niebieskiego-jezyka<\/a><\/p>\n","protected":false},"excerpt":{"rendered":"<p>Materia\u0142y informacyjne pod linkiem: https:\/\/www.wetgiw.gov.pl\/nadzor-weterynaryjny\/o-chorobie-niebieskiego-jezyka<\/p>\n","protected":false},"author":4,"featured_media":0,"comment_status":"closed","ping_status":"","sticky":false,"template":"","format":"standard","meta":[],"categories":[1],"tags":[],"_links":{"self":[{"href":"https:\/\/piwgrojec.pl\/index.php?rest_route=\/wp\/v2\/posts\/1206"}],"collection":[{"href":"https:\/\/piwgrojec.pl\/index.php?rest_route=\/wp\/v2\/posts"}],"about":[{"href":"https:\/\/piwgrojec.pl\/index.php?rest_route=\/wp\/v2\/types\/post"}],"author":[{"embeddable":true,"href":"https:\/\/piwgrojec.pl\/index.php?rest_route=\/wp\/v2\/users\/4"}],"replies":[{"embeddable":true,"href":"https:\/\/piwgrojec.pl\/index.php?rest_route=%2Fwp%2Fv2%2Fcomments&post=1206"}],"version-history":[{"count":2,"href":"https:\/\/piwgrojec.pl\/index.php?rest_route=\/wp\/v2\/posts\/1206\/revisions"}],"predecessor-version":[{"id":1208,"href":"https:\/\/piwgrojec.pl\/index.php?rest_route=\/wp\/v2\/posts\/1206\/revisions\/1208"}],"wp:attachment":[{"href":"https:\/\/piwgrojec.pl\/index.php?rest_route=%2Fwp%2Fv2%2Fmedia&parent=1206"}],"wp:term":[{"taxonomy":"category","embeddable":true,"href":"https:\/\/piwgrojec.pl\/index.php?rest_route=%2Fwp%2Fv2%2Fcategories&post=1206"},{"taxonomy":"post_tag","embeddable":true,"href":"https:\/\/piwgrojec.pl\/index.php?rest_route=%2Fwp%2Fv2%2Ftags&post=1206"}],"curies":[{"name":"wp","href":"https:\/\/api.w.org\/{rel}","templated":true}]}}